{"id":2213,"date":"2022-11-15T17:50:21","date_gmt":"2022-11-15T17:50:21","guid":{"rendered":"https:\/\/montenegrohiking.com\/zla-kolata\/"},"modified":"2023-04-27T05:16:14","modified_gmt":"2023-04-27T05:16:14","slug":"zla-kolata","status":"publish","type":"post","link":"https:\/\/montenegrohiking.com\/de\/zla-kolata\/","title":{"rendered":"Prokletije &amp; Zla Kolata"},"content":{"rendered":"\t\t<div data-elementor-type=\"wp-post\" data-elementor-id=\"2213\" class=\"elementor elementor-2213 elementor-1811\" data-elementor-post-type=\"post\">\n\t\t\t\t\t\t<section data-particle_enable=\"false\" data-particle-mobile-disabled=\"false\" class=\"elementor-section elementor-top-section elementor-element elementor-element-099350c elementor-section-boxed elementor-section-height-default elementor-section-height-default row-top\" data-id=\"099350c\" data-element_type=\"section\" data-e-type=\"section\" data-settings=\"{&quot;jet_parallax_layout_list&quot;:[]}\">\n\t\t\t\t\t\t<div class=\"elementor-container elementor-column-gap-default\">\n\t\t\t\t\t<div class=\"elementor-column elementor-col-100 elementor-top-column elementor-element elementor-element-5766a78\" data-id=\"5766a78\" data-element_type=\"column\" data-e-type=\"column\">\n\t\t\t<div class=\"elementor-widget-wrap elementor-element-populated\">\n\t\t\t\t\t\t<div class=\"elementor-element elementor-element-26238c2 elementor-widget elementor-widget-heading\" data-id=\"26238c2\" data-element_type=\"widget\" data-e-type=\"widget\" data-widget_type=\"heading.default\">\n\t\t\t\t<div class=\"elementor-widget-container\">\n\t\t\t\t\t<h2 class=\"elementor-heading-title elementor-size-default\">Prokletije &amp; Zla Kolata<\/h2>\t\t\t\t<\/div>\n\t\t\t\t<\/div>\n\t\t\t\t<div class=\"elementor-element elementor-element-f7e7e23 elementor-widget elementor-widget-image\" data-id=\"f7e7e23\" data-element_type=\"widget\" data-e-type=\"widget\" data-widget_type=\"image.default\">\n\t\t\t\t<div class=\"elementor-widget-container\">\n\t\t\t\t\t\t\t\t\t\t\t\t<figure class=\"wp-caption\">\n\t\t\t\t\t\t\t\t\t\t<img fetchpriority=\"high\" decoding=\"async\" width=\"900\" height=\"599\" src=\"https:\/\/montenegrohiking.com\/wp-content\/uploads\/2022\/11\/Zla-Kolata-1024x681.jpg\" class=\"attachment-large size-large wp-image-2173\" alt=\"Zla Kolata\" srcset=\"https:\/\/montenegrohiking.com\/wp-content\/uploads\/2022\/11\/Zla-Kolata-1024x681.jpg 1024w, https:\/\/montenegrohiking.com\/wp-content\/uploads\/2022\/11\/Zla-Kolata-768x511.jpg 768w, https:\/\/montenegrohiking.com\/wp-content\/uploads\/2022\/11\/Zla-Kolata.jpg 1454w\" sizes=\"(max-width: 900px) 100vw, 900px\" \/>\t\t\t\t\t\t\t\t\t\t\t<figcaption class=\"widget-image-caption wp-caption-text\">Der Gipfel von Zla Kolata<\/figcaption>\n\t\t\t\t\t\t\t\t\t\t<\/figure>\n\t\t\t\t\t\t\t\t\t<\/div>\n\t\t\t\t<\/div>\n\t\t\t\t\t<\/div>\n\t\t<\/div>\n\t\t\t\t\t<\/div>\n\t\t<\/section>\n\t\t\t\t<section data-particle_enable=\"false\" data-particle-mobile-disabled=\"false\" class=\"elementor-section elementor-top-section elementor-element elementor-element-b751115 elementor-section-boxed elementor-section-height-default elementor-section-height-default row-top\" data-id=\"b751115\" data-element_type=\"section\" data-e-type=\"section\" data-settings=\"{&quot;jet_parallax_layout_list&quot;:[]}\">\n\t\t\t\t\t\t<div class=\"elementor-container elementor-column-gap-default\">\n\t\t\t\t\t<div class=\"elementor-column elementor-col-100 elementor-top-column elementor-element elementor-element-f89e9c5\" data-id=\"f89e9c5\" data-element_type=\"column\" data-e-type=\"column\">\n\t\t\t<div class=\"elementor-widget-wrap elementor-element-populated\">\n\t\t\t\t\t\t<div class=\"elementor-element elementor-element-9d3e39a elementor-widget elementor-widget-text-editor\" data-id=\"9d3e39a\" data-element_type=\"widget\" data-e-type=\"widget\" data-widget_type=\"text-editor.default\">\n\t\t\t\t<div class=\"elementor-widget-container\">\n\t\t\t\t\t\t\t\t\t<p>In einem Beitrag \u00fcber <a href=\"https:\/\/montenegrohiking.com\/de\/bobotov-kuk\/\" target=\"_blank\" rel=\"noopener\">Durmitor und Bobotov Kuk<\/a> habe ich das Prokletije-Gebirge erw\u00e4hnt. Der montenegrinische Nationalpark Prokletije wird in seiner Sch\u00f6nheit oft mit den Alpen verglichen \u2013 uneinnehmbare Klippen brechen in tiefgr\u00fcne T\u00e4ler mit klaren Fl\u00fcssen.<\/p>\n<p>Es gibt eine Legende \u00fcber Prokletije. In einem Dorf am Fu\u00dfe einer Bergkette lebte ein M\u00e4dchen. Zwei Br\u00fcder verliebten sich in sie. Aber das M\u00e4dchen wollte nicht w\u00e4hlen. Sie forderte die Br\u00fcder heraus: Wer in die Berge geht und den h\u00f6chsten Punkt erobert, wird ihr Ehemann. Beide M\u00e4nner st\u00fcrzten von uneinnehmbare Felsen zu Tode. Ihre Mutter verfluchte das M\u00e4dchen und die Berge, die ihre Jungen t\u00f6teten. Seitdem hei\u00dfen diese Berge \u201eProkletije\u201c (Verfluchte Berge). Seit 2008 ist Prokletije ein Nationalpark.<\/p>\n\t\t\t\t\t\t\t\t<\/div>\n\t\t\t\t<\/div>\n\t\t\t\t\t<\/div>\n\t\t<\/div>\n\t\t\t\t\t<\/div>\n\t\t<\/section>\n\t\t\t\t<section data-particle_enable=\"false\" data-particle-mobile-disabled=\"false\" class=\"elementor-section elementor-top-section elementor-element elementor-element-bd842fc elementor-section-boxed elementor-section-height-default elementor-section-height-default row-top\" data-id=\"bd842fc\" data-element_type=\"section\" data-e-type=\"section\" data-settings=\"{&quot;jet_parallax_layout_list&quot;:[]}\">\n\t\t\t\t\t\t<div class=\"elementor-container elementor-column-gap-default\">\n\t\t\t\t\t<div class=\"elementor-column elementor-col-100 elementor-top-column elementor-element elementor-element-60bb4ad\" data-id=\"60bb4ad\" data-element_type=\"column\" data-e-type=\"column\">\n\t\t\t<div class=\"elementor-widget-wrap elementor-element-populated\">\n\t\t\t\t\t\t<div class=\"elementor-element elementor-element-26cd982 elementor-widget elementor-widget-image\" data-id=\"26cd982\" data-element_type=\"widget\" data-e-type=\"widget\" data-widget_type=\"image.default\">\n\t\t\t\t<div class=\"elementor-widget-container\">\n\t\t\t\t\t\t\t\t\t\t\t\t<figure class=\"wp-caption\">\n\t\t\t\t\t\t\t\t\t\t<img decoding=\"async\" width=\"900\" height=\"599\" src=\"https:\/\/montenegrohiking.com\/wp-content\/uploads\/2022\/11\/The-North-face-of-Zla-Kolata-1024x682.jpg\" class=\"attachment-large size-large wp-image-2174\" alt=\"Zla Kolata\" srcset=\"https:\/\/montenegrohiking.com\/wp-content\/uploads\/2022\/11\/The-North-face-of-Zla-Kolata-1024x682.jpg 1024w, https:\/\/montenegrohiking.com\/wp-content\/uploads\/2022\/11\/The-North-face-of-Zla-Kolata-768x512.jpg 768w, https:\/\/montenegrohiking.com\/wp-content\/uploads\/2022\/11\/The-North-face-of-Zla-Kolata.jpg 1306w\" sizes=\"(max-width: 900px) 100vw, 900px\" \/>\t\t\t\t\t\t\t\t\t\t\t<figcaption class=\"widget-image-caption wp-caption-text\">Die Nordwand von Zla Kolata<\/figcaption>\n\t\t\t\t\t\t\t\t\t\t<\/figure>\n\t\t\t\t\t\t\t\t\t<\/div>\n\t\t\t\t<\/div>\n\t\t\t\t\t<\/div>\n\t\t<\/div>\n\t\t\t\t\t<\/div>\n\t\t<\/section>\n\t\t\t\t<section data-particle_enable=\"false\" data-particle-mobile-disabled=\"false\" class=\"elementor-section elementor-top-section elementor-element elementor-element-487aaff elementor-section-boxed elementor-section-height-default elementor-section-height-default row-top\" data-id=\"487aaff\" data-element_type=\"section\" data-e-type=\"section\" data-settings=\"{&quot;jet_parallax_layout_list&quot;:[]}\">\n\t\t\t\t\t\t<div class=\"elementor-container elementor-column-gap-default\">\n\t\t\t\t\t<div class=\"elementor-column elementor-col-100 elementor-top-column elementor-element elementor-element-bcf169e\" data-id=\"bcf169e\" data-element_type=\"column\" data-e-type=\"column\">\n\t\t\t<div class=\"elementor-widget-wrap elementor-element-populated\">\n\t\t\t\t\t\t<div class=\"elementor-element elementor-element-5c040c0 elementor-widget elementor-widget-text-editor\" data-id=\"5c040c0\" data-element_type=\"widget\" data-e-type=\"widget\" data-widget_type=\"text-editor.default\">\n\t\t\t\t<div class=\"elementor-widget-container\">\n\t\t\t\t\t\t\t\t\t<p>Der h\u00f6chste Punkt des Massivs auf dem Territorium Montenegros ist Zla Kolata (2.534 m). Der Name bedeutet \u00fcbersetzt \u201eSchlechte\u201c Kolata. Nur 100 Meter entfernt befindet sich der zweite Gipfel \u2013 \u201eGute\u201c Kolata (Dobra Kolata). Der Aufstieg ist nicht einfach und erfordert eine gute k\u00f6rperliche Fitness, aber die Belohnung ist eine atemberaubende Aussicht auf die umliegenden Berge und T\u00e4ler von zwei L\u00e4ndern gleichzeitig \u2013 Montenegro und Albanien.<\/p>\n\t\t\t\t\t\t\t\t<\/div>\n\t\t\t\t<\/div>\n\t\t\t\t\t<\/div>\n\t\t<\/div>\n\t\t\t\t\t<\/div>\n\t\t<\/section>\n\t\t\t\t<section data-particle_enable=\"false\" data-particle-mobile-disabled=\"false\" class=\"elementor-section elementor-top-section elementor-element elementor-element-4bc69b2 elementor-section-boxed elementor-section-height-default elementor-section-height-default row-top\" data-id=\"4bc69b2\" data-element_type=\"section\" data-e-type=\"section\" data-settings=\"{&quot;jet_parallax_layout_list&quot;:[]}\">\n\t\t\t\t\t\t<div class=\"elementor-container elementor-column-gap-default\">\n\t\t\t\t\t<div class=\"elementor-column elementor-col-100 elementor-top-column elementor-element elementor-element-ba489e5\" data-id=\"ba489e5\" data-element_type=\"column\" data-e-type=\"column\">\n\t\t\t<div class=\"elementor-widget-wrap elementor-element-populated\">\n\t\t\t\t\t\t<div class=\"elementor-element elementor-element-fbe43d1 elementor-widget elementor-widget-image\" data-id=\"fbe43d1\" data-element_type=\"widget\" data-e-type=\"widget\" data-widget_type=\"image.default\">\n\t\t\t\t<div class=\"elementor-widget-container\">\n\t\t\t\t\t\t\t\t\t\t\t\t<figure class=\"wp-caption\">\n\t\t\t\t\t\t\t\t\t\t<img decoding=\"async\" width=\"900\" height=\"600\" src=\"https:\/\/montenegrohiking.com\/wp-content\/uploads\/2022\/11\/Kollata-from-the-air-1024x683.jpg\" class=\"attachment-large size-large wp-image-2175\" alt=\"Kollata from the air\" srcset=\"https:\/\/montenegrohiking.com\/wp-content\/uploads\/2022\/11\/Kollata-from-the-air-1024x683.jpg 1024w, https:\/\/montenegrohiking.com\/wp-content\/uploads\/2022\/11\/Kollata-from-the-air-768x512.jpg 768w, https:\/\/montenegrohiking.com\/wp-content\/uploads\/2022\/11\/Kollata-from-the-air.jpg 1268w\" sizes=\"(max-width: 900px) 100vw, 900px\" \/>\t\t\t\t\t\t\t\t\t\t\t<figcaption class=\"widget-image-caption wp-caption-text\">Luftaufsicht im Winter - Zla kolata oben links<\/figcaption>\n\t\t\t\t\t\t\t\t\t\t<\/figure>\n\t\t\t\t\t\t\t\t\t<\/div>\n\t\t\t\t<\/div>\n\t\t\t\t\t<\/div>\n\t\t<\/div>\n\t\t\t\t\t<\/div>\n\t\t<\/section>\n\t\t\t\t<section data-particle_enable=\"false\" data-particle-mobile-disabled=\"false\" class=\"elementor-section elementor-top-section elementor-element elementor-element-f5519c3 elementor-section-boxed elementor-section-height-default elementor-section-height-default row-top\" data-id=\"f5519c3\" data-element_type=\"section\" data-e-type=\"section\" data-settings=\"{&quot;jet_parallax_layout_list&quot;:[]}\">\n\t\t\t\t\t\t<div class=\"elementor-container elementor-column-gap-default\">\n\t\t\t\t\t<div class=\"elementor-column elementor-col-100 elementor-top-column elementor-element elementor-element-163a378\" data-id=\"163a378\" data-element_type=\"column\" data-e-type=\"column\">\n\t\t\t<div class=\"elementor-widget-wrap elementor-element-populated\">\n\t\t\t\t\t\t<div class=\"elementor-element elementor-element-221200e elementor-widget elementor-widget-text-editor\" data-id=\"221200e\" data-element_type=\"widget\" data-e-type=\"widget\" data-widget_type=\"text-editor.default\">\n\t\t\t\t<div class=\"elementor-widget-container\">\n\t\t\t\t\t\t\t\t\t<p>Die Kolata ist ein stark verkarstetes Gebiet. Vom h\u00f6chsten Punkt f\u00fchrt ein ziemlich flacher Grat, der besonders auf der Nordseite steil abf\u00e4llt, nach Nordwesten hinab zu einem Sattel, von dem aus die Gipfel von Zla Kolata und Dobra Kolata steil aufragen. Im Norden f\u00e4llt der Gipfel des Zla Kolata in Felsw\u00e4nde ab. Die Grate vom Gipfel nach Nordwesten und nach Nordosten bilden die Wasserscheide und Grenze zwischen den L\u00e4ndern Montenegro und Albanien. Der S\u00fcds\u00fcdwestgrat f\u00e4llt sp\u00e4ter steil ins Valbona-Tal ab. Die Gipfelregion ist bis in den Fr\u00fchsommer schneebedeckt.<\/p>\n<\/p>\n<p>P.S. Der Beginn der Wanderroute nach Zla Kolata ist Teil des sogenannten \u201ePeaks of the Balkans\u201c Wanderwegs. Wir bieten eine <a href=\"https:\/\/montenegrohiking.com\/booking\/tour4\" target=\"_blank\" rel=\"noopener\">Tour<\/a> an, die auch entlang dieses Weges f\u00fchrt. \ud83d\ude42 \ud83d\ude42<\/p>\n\t\t\t\t\t\t\t\t<\/div>\n\t\t\t\t<\/div>\n\t\t\t\t\t<\/div>\n\t\t<\/div>\n\t\t\t\t\t<\/div>\n\t\t<\/section>\n\t\t\t\t<\/div>\n\t\t","protected":false},"excerpt":{"rendered":"<p>Prokletije &amp; Zla Kolata Der Gipfel von Zla Kolata In einem Beitrag \u00fcber Durmitor und Bobotov Kuk habe ich das Prokletije-Gebirge erw\u00e4hnt. Der montenegrinische Nationalpark Prokletije wird in seiner Sch\u00f6nheit oft mit den Alpen verglichen \u2013 uneinnehmbare Klippen brechen in tiefgr\u00fcne T\u00e4ler mit klaren Fl\u00fcssen. Es gibt eine Legende \u00fcber Prokletije. In einem Dorf am [&hellip;]<\/p>\n","protected":false},"author":2,"featured_media":2173,"comment_status":"open","ping_status":"open","sticky":false,"template":"","format":"standard","meta":{"_acf_changed":false,"_jetpack_memberships_contains_paid_content":false,"footnotes":""},"categories":[153],"tags":[],"class_list":["post-2213","post","type-post","status-publish","format-standard","has-post-thumbnail","hentry","category-mountains-de"],"acf":[],"yoast_head":"<!-- This site is optimized with the Yoast SEO plugin v27.5 - https:\/\/yoast.com\/product\/yoast-seo-wordpress\/ -->\n<title>Entdecken Sie Prokletije &amp; Zla Kolata&#039;s Trekking - Montenegro Hiking<\/title>\n<meta name=\"description\" content=\"Erleben Sie die ungez\u00e4hmte Sch\u00f6nheit von Prokletije &amp; Zla Kolata durch aufregendes Trekking in Montenegro und Albanien! Entdecken Sie abgelegene T\u00e4ler, Gletscherseen und mehr.\" \/>\n<meta name=\"robots\" content=\"index, follow, max-snippet:-1, max-image-preview:large, max-video-preview:-1\" \/>\n<link rel=\"canonical\" href=\"https:\/\/montenegrohiking.com\/de\/zla-kolata\/\" \/>\n<meta property=\"og:locale\" content=\"de_DE\" \/>\n<meta property=\"og:type\" content=\"article\" \/>\n<meta property=\"og:title\" content=\"Entdecken Sie Prokletije &amp; Zla Kolata&#039;s Trekking - Montenegro Hiking\" \/>\n<meta property=\"og:description\" content=\"Erleben Sie die ungez\u00e4hmte Sch\u00f6nheit von Prokletije &amp; Zla Kolata durch aufregendes Trekking in Montenegro und Albanien! Entdecken Sie abgelegene T\u00e4ler, Gletscherseen und mehr.\" \/>\n<meta property=\"og:url\" content=\"https:\/\/montenegrohiking.com\/de\/zla-kolata\/\" \/>\n<meta property=\"og:site_name\" content=\"Montenegro Hiking\" \/>\n<meta property=\"article:publisher\" content=\"https:\/\/www.facebook.com\/montenegrohiking\" \/>\n<meta property=\"article:published_time\" content=\"2022-11-15T17:50:21+00:00\" \/>\n<meta property=\"article:modified_time\" content=\"2023-04-27T05:16:14+00:00\" \/>\n<meta property=\"og:image\" content=\"https:\/\/montenegrohiking.com\/wp-content\/uploads\/2022\/11\/Zla-Kolata.jpg\" \/>\n\t<meta property=\"og:image:width\" content=\"1454\" \/>\n\t<meta property=\"og:image:height\" content=\"967\" \/>\n\t<meta property=\"og:image:type\" content=\"image\/jpeg\" \/>\n<meta name=\"author\" content=\"balkanadventurer\" \/>\n<meta name=\"twitter:card\" content=\"summary_large_image\" \/>\n<meta name=\"twitter:label1\" content=\"Verfasst von\" \/>\n\t<meta name=\"twitter:data1\" content=\"balkanadventurer\" \/>\n\t<meta name=\"twitter:label2\" content=\"Gesch\u00e4tzte Lesezeit\" \/>\n\t<meta name=\"twitter:data2\" content=\"3\u00a0Minuten\" \/>\n<script type=\"application\/ld+json\" class=\"yoast-schema-graph\">{\"@context\":\"https:\\\/\\\/schema.org\",\"@graph\":[{\"@type\":\"Article\",\"@id\":\"https:\\\/\\\/montenegrohiking.com\\\/de\\\/zla-kolata\\\/#article\",\"isPartOf\":{\"@id\":\"https:\\\/\\\/montenegrohiking.com\\\/de\\\/zla-kolata\\\/\"},\"author\":{\"name\":\"balkanadventurer\",\"@id\":\"https:\\\/\\\/montenegrohiking.com\\\/#\\\/schema\\\/person\\\/84785ffd0a03e923789b572316304503\"},\"headline\":\"Prokletije &amp; Zla Kolata\",\"datePublished\":\"2022-11-15T17:50:21+00:00\",\"dateModified\":\"2023-04-27T05:16:14+00:00\",\"mainEntityOfPage\":{\"@id\":\"https:\\\/\\\/montenegrohiking.com\\\/de\\\/zla-kolata\\\/\"},\"wordCount\":351,\"commentCount\":0,\"publisher\":{\"@id\":\"https:\\\/\\\/montenegrohiking.com\\\/#organization\"},\"image\":{\"@id\":\"https:\\\/\\\/montenegrohiking.com\\\/de\\\/zla-kolata\\\/#primaryimage\"},\"thumbnailUrl\":\"https:\\\/\\\/montenegrohiking.com\\\/wp-content\\\/uploads\\\/2022\\\/11\\\/Zla-Kolata.jpg\",\"articleSection\":[\"Mountains\"],\"inLanguage\":\"de\",\"potentialAction\":[{\"@type\":\"CommentAction\",\"name\":\"Comment\",\"target\":[\"https:\\\/\\\/montenegrohiking.com\\\/de\\\/zla-kolata\\\/#respond\"]}]},{\"@type\":\"WebPage\",\"@id\":\"https:\\\/\\\/montenegrohiking.com\\\/de\\\/zla-kolata\\\/\",\"url\":\"https:\\\/\\\/montenegrohiking.com\\\/de\\\/zla-kolata\\\/\",\"name\":\"Entdecken Sie Prokletije & Zla Kolata's Trekking - Montenegro Hiking\",\"isPartOf\":{\"@id\":\"https:\\\/\\\/montenegrohiking.com\\\/#website\"},\"primaryImageOfPage\":{\"@id\":\"https:\\\/\\\/montenegrohiking.com\\\/de\\\/zla-kolata\\\/#primaryimage\"},\"image\":{\"@id\":\"https:\\\/\\\/montenegrohiking.com\\\/de\\\/zla-kolata\\\/#primaryimage\"},\"thumbnailUrl\":\"https:\\\/\\\/montenegrohiking.com\\\/wp-content\\\/uploads\\\/2022\\\/11\\\/Zla-Kolata.jpg\",\"datePublished\":\"2022-11-15T17:50:21+00:00\",\"dateModified\":\"2023-04-27T05:16:14+00:00\",\"description\":\"Erleben Sie die ungez\u00e4hmte Sch\u00f6nheit von Prokletije & Zla Kolata durch aufregendes Trekking in Montenegro und Albanien! Entdecken Sie abgelegene T\u00e4ler, Gletscherseen und mehr.\",\"breadcrumb\":{\"@id\":\"https:\\\/\\\/montenegrohiking.com\\\/de\\\/zla-kolata\\\/#breadcrumb\"},\"inLanguage\":\"de\",\"potentialAction\":[{\"@type\":\"ReadAction\",\"target\":[\"https:\\\/\\\/montenegrohiking.com\\\/de\\\/zla-kolata\\\/\"]}]},{\"@type\":\"ImageObject\",\"inLanguage\":\"de\",\"@id\":\"https:\\\/\\\/montenegrohiking.com\\\/de\\\/zla-kolata\\\/#primaryimage\",\"url\":\"https:\\\/\\\/montenegrohiking.com\\\/wp-content\\\/uploads\\\/2022\\\/11\\\/Zla-Kolata.jpg\",\"contentUrl\":\"https:\\\/\\\/montenegrohiking.com\\\/wp-content\\\/uploads\\\/2022\\\/11\\\/Zla-Kolata.jpg\",\"width\":1454,\"height\":967,\"caption\":\"Zla Kolata\"},{\"@type\":\"BreadcrumbList\",\"@id\":\"https:\\\/\\\/montenegrohiking.com\\\/de\\\/zla-kolata\\\/#breadcrumb\",\"itemListElement\":[{\"@type\":\"ListItem\",\"position\":1,\"name\":\"Home\",\"item\":\"https:\\\/\\\/montenegrohiking.com\\\/de\\\/\"},{\"@type\":\"ListItem\",\"position\":2,\"name\":\"Prokletije &amp; Zla Kolata\"}]},{\"@type\":\"WebSite\",\"@id\":\"https:\\\/\\\/montenegrohiking.com\\\/#website\",\"url\":\"https:\\\/\\\/montenegrohiking.com\\\/\",\"name\":\"Montenegro Hiking\",\"description\":\"Balkan Hiking Adventurers\",\"publisher\":{\"@id\":\"https:\\\/\\\/montenegrohiking.com\\\/#organization\"},\"potentialAction\":[{\"@type\":\"SearchAction\",\"target\":{\"@type\":\"EntryPoint\",\"urlTemplate\":\"https:\\\/\\\/montenegrohiking.com\\\/?s={search_term_string}\"},\"query-input\":{\"@type\":\"PropertyValueSpecification\",\"valueRequired\":true,\"valueName\":\"search_term_string\"}}],\"inLanguage\":\"de\"},{\"@type\":\"Organization\",\"@id\":\"https:\\\/\\\/montenegrohiking.com\\\/#organization\",\"name\":\"Montenegro Hiking\",\"url\":\"https:\\\/\\\/montenegrohiking.com\\\/\",\"logo\":{\"@type\":\"ImageObject\",\"inLanguage\":\"de\",\"@id\":\"https:\\\/\\\/montenegrohiking.com\\\/#\\\/schema\\\/logo\\\/image\\\/\",\"url\":\"https:\\\/\\\/montenegrohiking.com\\\/wp-content\\\/uploads\\\/2021\\\/08\\\/cropped-cropped-logo-test-1.png\",\"contentUrl\":\"https:\\\/\\\/montenegrohiking.com\\\/wp-content\\\/uploads\\\/2021\\\/08\\\/cropped-cropped-logo-test-1.png\",\"width\":512,\"height\":512,\"caption\":\"Montenegro Hiking\"},\"image\":{\"@id\":\"https:\\\/\\\/montenegrohiking.com\\\/#\\\/schema\\\/logo\\\/image\\\/\"},\"sameAs\":[\"https:\\\/\\\/www.facebook.com\\\/montenegrohiking\",\"https:\\\/\\\/www.instagram.com\\\/montenegrohiking\\\/\"]},{\"@type\":\"Person\",\"@id\":\"https:\\\/\\\/montenegrohiking.com\\\/#\\\/schema\\\/person\\\/84785ffd0a03e923789b572316304503\",\"name\":\"balkanadventurer\",\"image\":{\"@type\":\"ImageObject\",\"inLanguage\":\"de\",\"@id\":\"https:\\\/\\\/secure.gravatar.com\\\/avatar\\\/f1a037017fcfd250c2bd8e2f0feddb6ddbffd22d4bc103fafd72de8ee376f17e?s=96&d=mm&r=g\",\"url\":\"https:\\\/\\\/secure.gravatar.com\\\/avatar\\\/f1a037017fcfd250c2bd8e2f0feddb6ddbffd22d4bc103fafd72de8ee376f17e?s=96&d=mm&r=g\",\"contentUrl\":\"https:\\\/\\\/secure.gravatar.com\\\/avatar\\\/f1a037017fcfd250c2bd8e2f0feddb6ddbffd22d4bc103fafd72de8ee376f17e?s=96&d=mm&r=g\",\"caption\":\"balkanadventurer\"},\"url\":\"https:\\\/\\\/montenegrohiking.com\\\/de\\\/author\\\/balkanadventurer\\\/\"}]}<\/script>\n<!-- \/ Yoast SEO plugin. -->","yoast_head_json":{"title":"Entdecken Sie Prokletije & Zla Kolata's Trekking - Montenegro Hiking","description":"Erleben Sie die ungez\u00e4hmte Sch\u00f6nheit von Prokletije & Zla Kolata durch aufregendes Trekking in Montenegro und Albanien! Entdecken Sie abgelegene T\u00e4ler, Gletscherseen und mehr.","robots":{"index":"index","follow":"follow","max-snippet":"max-snippet:-1","max-image-preview":"max-image-preview:large","max-video-preview":"max-video-preview:-1"},"canonical":"https:\/\/montenegrohiking.com\/de\/zla-kolata\/","og_locale":"de_DE","og_type":"article","og_title":"Entdecken Sie Prokletije & Zla Kolata's Trekking - Montenegro Hiking","og_description":"Erleben Sie die ungez\u00e4hmte Sch\u00f6nheit von Prokletije & Zla Kolata durch aufregendes Trekking in Montenegro und Albanien! Entdecken Sie abgelegene T\u00e4ler, Gletscherseen und mehr.","og_url":"https:\/\/montenegrohiking.com\/de\/zla-kolata\/","og_site_name":"Montenegro Hiking","article_publisher":"https:\/\/www.facebook.com\/montenegrohiking","article_published_time":"2022-11-15T17:50:21+00:00","article_modified_time":"2023-04-27T05:16:14+00:00","og_image":[{"width":1454,"height":967,"url":"https:\/\/montenegrohiking.com\/wp-content\/uploads\/2022\/11\/Zla-Kolata.jpg","type":"image\/jpeg"}],"author":"balkanadventurer","twitter_card":"summary_large_image","twitter_misc":{"Verfasst von":"balkanadventurer","Gesch\u00e4tzte Lesezeit":"3\u00a0Minuten"},"schema":{"@context":"https:\/\/schema.org","@graph":[{"@type":"Article","@id":"https:\/\/montenegrohiking.com\/de\/zla-kolata\/#article","isPartOf":{"@id":"https:\/\/montenegrohiking.com\/de\/zla-kolata\/"},"author":{"name":"balkanadventurer","@id":"https:\/\/montenegrohiking.com\/#\/schema\/person\/84785ffd0a03e923789b572316304503"},"headline":"Prokletije &amp; Zla Kolata","datePublished":"2022-11-15T17:50:21+00:00","dateModified":"2023-04-27T05:16:14+00:00","mainEntityOfPage":{"@id":"https:\/\/montenegrohiking.com\/de\/zla-kolata\/"},"wordCount":351,"commentCount":0,"publisher":{"@id":"https:\/\/montenegrohiking.com\/#organization"},"image":{"@id":"https:\/\/montenegrohiking.com\/de\/zla-kolata\/#primaryimage"},"thumbnailUrl":"https:\/\/montenegrohiking.com\/wp-content\/uploads\/2022\/11\/Zla-Kolata.jpg","articleSection":["Mountains"],"inLanguage":"de","potentialAction":[{"@type":"CommentAction","name":"Comment","target":["https:\/\/montenegrohiking.com\/de\/zla-kolata\/#respond"]}]},{"@type":"WebPage","@id":"https:\/\/montenegrohiking.com\/de\/zla-kolata\/","url":"https:\/\/montenegrohiking.com\/de\/zla-kolata\/","name":"Entdecken Sie Prokletije & Zla Kolata's Trekking - Montenegro Hiking","isPartOf":{"@id":"https:\/\/montenegrohiking.com\/#website"},"primaryImageOfPage":{"@id":"https:\/\/montenegrohiking.com\/de\/zla-kolata\/#primaryimage"},"image":{"@id":"https:\/\/montenegrohiking.com\/de\/zla-kolata\/#primaryimage"},"thumbnailUrl":"https:\/\/montenegrohiking.com\/wp-content\/uploads\/2022\/11\/Zla-Kolata.jpg","datePublished":"2022-11-15T17:50:21+00:00","dateModified":"2023-04-27T05:16:14+00:00","description":"Erleben Sie die ungez\u00e4hmte Sch\u00f6nheit von Prokletije & Zla Kolata durch aufregendes Trekking in Montenegro und Albanien! Entdecken Sie abgelegene T\u00e4ler, Gletscherseen und mehr.","breadcrumb":{"@id":"https:\/\/montenegrohiking.com\/de\/zla-kolata\/#breadcrumb"},"inLanguage":"de","potentialAction":[{"@type":"ReadAction","target":["https:\/\/montenegrohiking.com\/de\/zla-kolata\/"]}]},{"@type":"ImageObject","inLanguage":"de","@id":"https:\/\/montenegrohiking.com\/de\/zla-kolata\/#primaryimage","url":"https:\/\/montenegrohiking.com\/wp-content\/uploads\/2022\/11\/Zla-Kolata.jpg","contentUrl":"https:\/\/montenegrohiking.com\/wp-content\/uploads\/2022\/11\/Zla-Kolata.jpg","width":1454,"height":967,"caption":"Zla Kolata"},{"@type":"BreadcrumbList","@id":"https:\/\/montenegrohiking.com\/de\/zla-kolata\/#breadcrumb","itemListElement":[{"@type":"ListItem","position":1,"name":"Home","item":"https:\/\/montenegrohiking.com\/de\/"},{"@type":"ListItem","position":2,"name":"Prokletije &amp; Zla Kolata"}]},{"@type":"WebSite","@id":"https:\/\/montenegrohiking.com\/#website","url":"https:\/\/montenegrohiking.com\/","name":"Montenegro Hiking","description":"Balkan Hiking Adventurers","publisher":{"@id":"https:\/\/montenegrohiking.com\/#organization"},"potentialAction":[{"@type":"SearchAction","target":{"@type":"EntryPoint","urlTemplate":"https:\/\/montenegrohiking.com\/?s={search_term_string}"},"query-input":{"@type":"PropertyValueSpecification","valueRequired":true,"valueName":"search_term_string"}}],"inLanguage":"de"},{"@type":"Organization","@id":"https:\/\/montenegrohiking.com\/#organization","name":"Montenegro Hiking","url":"https:\/\/montenegrohiking.com\/","logo":{"@type":"ImageObject","inLanguage":"de","@id":"https:\/\/montenegrohiking.com\/#\/schema\/logo\/image\/","url":"https:\/\/montenegrohiking.com\/wp-content\/uploads\/2021\/08\/cropped-cropped-logo-test-1.png","contentUrl":"https:\/\/montenegrohiking.com\/wp-content\/uploads\/2021\/08\/cropped-cropped-logo-test-1.png","width":512,"height":512,"caption":"Montenegro Hiking"},"image":{"@id":"https:\/\/montenegrohiking.com\/#\/schema\/logo\/image\/"},"sameAs":["https:\/\/www.facebook.com\/montenegrohiking","https:\/\/www.instagram.com\/montenegrohiking\/"]},{"@type":"Person","@id":"https:\/\/montenegrohiking.com\/#\/schema\/person\/84785ffd0a03e923789b572316304503","name":"balkanadventurer","image":{"@type":"ImageObject","inLanguage":"de","@id":"https:\/\/secure.gravatar.com\/avatar\/f1a037017fcfd250c2bd8e2f0feddb6ddbffd22d4bc103fafd72de8ee376f17e?s=96&d=mm&r=g","url":"https:\/\/secure.gravatar.com\/avatar\/f1a037017fcfd250c2bd8e2f0feddb6ddbffd22d4bc103fafd72de8ee376f17e?s=96&d=mm&r=g","contentUrl":"https:\/\/secure.gravatar.com\/avatar\/f1a037017fcfd250c2bd8e2f0feddb6ddbffd22d4bc103fafd72de8ee376f17e?s=96&d=mm&r=g","caption":"balkanadventurer"},"url":"https:\/\/montenegrohiking.com\/de\/author\/balkanadventurer\/"}]}},"jetpack_featured_media_url":"https:\/\/montenegrohiking.com\/wp-content\/uploads\/2022\/11\/Zla-Kolata.jpg","jetpack_sharing_enabled":true,"_links":{"self":[{"href":"https:\/\/montenegrohiking.com\/de\/wp-json\/wp\/v2\/posts\/2213","targetHints":{"allow":["GET"]}}],"collection":[{"href":"https:\/\/montenegrohiking.com\/de\/wp-json\/wp\/v2\/posts"}],"about":[{"href":"https:\/\/montenegrohiking.com\/de\/wp-json\/wp\/v2\/types\/post"}],"author":[{"embeddable":true,"href":"https:\/\/montenegrohiking.com\/de\/wp-json\/wp\/v2\/users\/2"}],"replies":[{"embeddable":true,"href":"https:\/\/montenegrohiking.com\/de\/wp-json\/wp\/v2\/comments?post=2213"}],"version-history":[{"count":4,"href":"https:\/\/montenegrohiking.com\/de\/wp-json\/wp\/v2\/posts\/2213\/revisions"}],"predecessor-version":[{"id":3224,"href":"https:\/\/montenegrohiking.com\/de\/wp-json\/wp\/v2\/posts\/2213\/revisions\/3224"}],"wp:featuredmedia":[{"embeddable":true,"href":"https:\/\/montenegrohiking.com\/de\/wp-json\/wp\/v2\/media\/2173"}],"wp:attachment":[{"href":"https:\/\/montenegrohiking.com\/de\/wp-json\/wp\/v2\/media?parent=2213"}],"wp:term":[{"taxonomy":"category","embeddable":true,"href":"https:\/\/montenegrohiking.com\/de\/wp-json\/wp\/v2\/categories?post=2213"},{"taxonomy":"post_tag","embeddable":true,"href":"https:\/\/montenegrohiking.com\/de\/wp-json\/wp\/v2\/tags?post=2213"}],"curies":[{"name":"wp","href":"https:\/\/api.w.org\/{rel}","templated":true}]}}