{"id":2218,"date":"2020-12-08T04:37:13","date_gmt":"2020-12-08T04:37:13","guid":{"rendered":"https:\/\/montenegrohiking.com\/christmas-montenegro\/"},"modified":"2023-04-27T05:24:53","modified_gmt":"2023-04-27T05:24:53","slug":"christmas-montenegro","status":"publish","type":"post","link":"https:\/\/montenegrohiking.com\/de\/christmas-montenegro\/","title":{"rendered":"Weihnachten in Montenegro"},"content":{"rendered":"\t\t<div data-elementor-type=\"wp-post\" data-elementor-id=\"2218\" class=\"elementor elementor-2218 elementor-43\" data-elementor-post-type=\"post\">\n\t\t\t\t\t\t<section data-particle_enable=\"false\" data-particle-mobile-disabled=\"false\" class=\"elementor-section elementor-top-section elementor-element elementor-element-44961b elementor-section-boxed elementor-section-height-default elementor-section-height-default row-top\" data-id=\"44961b\" data-element_type=\"section\" data-e-type=\"section\" data-settings=\"{&quot;jet_parallax_layout_list&quot;:[]}\">\n\t\t\t\t\t\t<div class=\"elementor-container elementor-column-gap-default\">\n\t\t\t\t\t<div class=\"elementor-column elementor-col-100 elementor-top-column elementor-element elementor-element-729f81dd\" data-id=\"729f81dd\" data-element_type=\"column\" data-e-type=\"column\">\n\t\t\t<div class=\"elementor-widget-wrap elementor-element-populated\">\n\t\t\t\t\t\t<div class=\"elementor-element elementor-element-1255ecc elementor-widget elementor-widget-heading\" data-id=\"1255ecc\" data-element_type=\"widget\" data-e-type=\"widget\" data-widget_type=\"heading.default\">\n\t\t\t\t<div class=\"elementor-widget-container\">\n\t\t\t\t\t<h2 class=\"elementor-heading-title elementor-size-default\">Weihnachtsfeiertage in Montenegro<\/h2>\t\t\t\t<\/div>\n\t\t\t\t<\/div>\n\t\t\t\t<div class=\"elementor-element elementor-element-484d9825 elementor-widget elementor-widget-text-editor\" data-id=\"484d9825\" data-element_type=\"widget\" data-e-type=\"widget\" data-widget_type=\"text-editor.default\">\n\t\t\t\t<div class=\"elementor-widget-container\">\n\t\t\t\t\t\t\t\t\t<p>Die Hauptfeiertage in Montenegro sind kurz nach Neujahr, also Weihnachten (Bo\u017ei\u0107) und der vorangehende Heiligabend \u2013 Badni Dan. Das orthodoxe Weihnachtsfest wird traditionell am 7. Januar gefeiert und wird von 3 freien Tagen (6., 7. und 8. Januar) begleitet.<\/p>\n<p>\n            <strong>Die Eichentradition<\/strong>\n          <\/p>\n<p>Dem Weihnachtsfest geht Badni Dan \u2013 Heiligabend voraus, der am 6. Januar gefeiert wird. Nach einem alten Brauch ging das Familienoberhaupt an diesem Tag bei Sonnenaufgang in Begleitung seines \u00e4ltesten Sohnes in den Wald, um einen \u201eBadnyak\u201c \u2013 einen Baumstamm einer jungen Eiche \u2013 zu f\u00e4llen. Vater und Sohn mussten es auf ihren Schultern nach Hause tragen und einen festlichen Herd anz\u00fcnden \u2013 damit es 3 Tage lang brannte.<\/p>\n\t\t\t\t\t\t\t\t<\/div>\n\t\t\t\t<\/div>\n\t\t\t\t\t<\/div>\n\t\t<\/div>\n\t\t\t\t\t<\/div>\n\t\t<\/section>\n\t\t\t\t<section data-particle_enable=\"false\" data-particle-mobile-disabled=\"false\" class=\"elementor-section elementor-top-section elementor-element elementor-element-3312297 elementor-section-boxed elementor-section-height-default elementor-section-height-default row-top\" data-id=\"3312297\" data-element_type=\"section\" data-e-type=\"section\" data-settings=\"{&quot;jet_parallax_layout_list&quot;:[]}\">\n\t\t\t\t\t\t<div class=\"elementor-container elementor-column-gap-default\">\n\t\t\t\t\t<div class=\"elementor-column elementor-col-100 elementor-top-column elementor-element elementor-element-3b9a218\" data-id=\"3b9a218\" data-element_type=\"column\" data-e-type=\"column\">\n\t\t\t<div class=\"elementor-widget-wrap elementor-element-populated\">\n\t\t\t\t\t\t<div class=\"elementor-element elementor-element-14ab253 elementor-widget elementor-widget-image\" data-id=\"14ab253\" data-element_type=\"widget\" data-e-type=\"widget\" data-widget_type=\"image.default\">\n\t\t\t\t<div class=\"elementor-widget-container\">\n\t\t\t\t\t\t\t\t\t\t\t\t<figure class=\"wp-caption\">\n\t\t\t\t\t\t\t\t\t\t<img fetchpriority=\"high\" decoding=\"async\" width=\"900\" height=\"600\" src=\"https:\/\/montenegrohiking.com\/wp-content\/uploads\/2020\/12\/Christmas-Eve2-1024x683-1.jpg\" class=\"attachment-large size-large wp-image-2169\" alt=\"\" srcset=\"https:\/\/montenegrohiking.com\/wp-content\/uploads\/2020\/12\/Christmas-Eve2-1024x683-1.jpg 1024w, https:\/\/montenegrohiking.com\/wp-content\/uploads\/2020\/12\/Christmas-Eve2-1024x683-1-768x512.jpg 768w\" sizes=\"(max-width: 900px) 100vw, 900px\" \/>\t\t\t\t\t\t\t\t\t\t\t<figcaption class=\"widget-image-caption wp-caption-text\">Festliche Eichenzweige<\/figcaption>\n\t\t\t\t\t\t\t\t\t\t<\/figure>\n\t\t\t\t\t\t\t\t\t<\/div>\n\t\t\t\t<\/div>\n\t\t\t\t\t<\/div>\n\t\t<\/div>\n\t\t\t\t\t<\/div>\n\t\t<\/section>\n\t\t\t\t<section data-particle_enable=\"false\" data-particle-mobile-disabled=\"false\" class=\"elementor-section elementor-top-section elementor-element elementor-element-708ca19 elementor-section-boxed elementor-section-height-default elementor-section-height-default row-top\" data-id=\"708ca19\" data-element_type=\"section\" data-e-type=\"section\" data-settings=\"{&quot;jet_parallax_layout_list&quot;:[]}\">\n\t\t\t\t\t\t<div class=\"elementor-container elementor-column-gap-default\">\n\t\t\t\t\t<div class=\"elementor-column elementor-col-100 elementor-top-column elementor-element elementor-element-d4da76e\" data-id=\"d4da76e\" data-element_type=\"column\" data-e-type=\"column\">\n\t\t\t<div class=\"elementor-widget-wrap elementor-element-populated\">\n\t\t\t\t\t\t<div class=\"elementor-element elementor-element-6638eaa elementor-widget elementor-widget-text-editor\" data-id=\"6638eaa\" data-element_type=\"widget\" data-e-type=\"widget\" data-widget_type=\"text-editor.default\">\n\t\t\t\t<div class=\"elementor-widget-container\">\n\t\t\t\t\t\t\t\t\t<p>Heutzutage wird der traditionelle Baumstamm oft durch Eichenzweige ersetzt, die dann in einem gemeinsamen Feuer vor der Kirche verbrannt oder als Symbol des Wohlbefindens auf T\u00fcren, Z\u00e4unen und Autos geschm\u00fcckt werden. Es wird angenommen, dass das kommende Jahr f\u00fcr seinen Besitzer umso erfolgreicher sein wird, je mehr Funken ein im Feuer brennender Ast abgibt. Dieses Ritual verweist uns auf die eigentliche Geschichte des Ursprungs von Weihnachten, mit dem Glauben, dass es Josef war, der das Feuer in der H\u00f6hle mit Eiche entz\u00fcndete, als Jesus geboren wurde.<\/p>\n\t\t\t\t\t\t\t\t<\/div>\n\t\t\t\t<\/div>\n\t\t\t\t\t<\/div>\n\t\t<\/div>\n\t\t\t\t\t<\/div>\n\t\t<\/section>\n\t\t\t\t<section data-particle_enable=\"false\" data-particle-mobile-disabled=\"false\" class=\"elementor-section elementor-top-section elementor-element elementor-element-77f4642 elementor-section-boxed elementor-section-height-default elementor-section-height-default row-top\" data-id=\"77f4642\" data-element_type=\"section\" data-e-type=\"section\" data-settings=\"{&quot;jet_parallax_layout_list&quot;:[]}\">\n\t\t\t\t\t\t<div class=\"elementor-container elementor-column-gap-default\">\n\t\t\t\t\t<div class=\"elementor-column elementor-col-100 elementor-top-column elementor-element elementor-element-8138976\" data-id=\"8138976\" data-element_type=\"column\" data-e-type=\"column\">\n\t\t\t<div class=\"elementor-widget-wrap elementor-element-populated\">\n\t\t\t\t\t\t<div class=\"elementor-element elementor-element-71a8652 elementor-widget elementor-widget-image\" data-id=\"71a8652\" data-element_type=\"widget\" data-e-type=\"widget\" data-widget_type=\"image.default\">\n\t\t\t\t<div class=\"elementor-widget-container\">\n\t\t\t\t\t\t\t\t\t\t\t\t<figure class=\"wp-caption\">\n\t\t\t\t\t\t\t\t\t\t<img decoding=\"async\" width=\"900\" height=\"600\" src=\"https:\/\/montenegrohiking.com\/wp-content\/uploads\/2020\/12\/Oak-twig-1024x683.jpg\" class=\"attachment-large size-large wp-image-2170\" alt=\"\" srcset=\"https:\/\/montenegrohiking.com\/wp-content\/uploads\/2020\/12\/Oak-twig-1024x683.jpg 1024w, https:\/\/montenegrohiking.com\/wp-content\/uploads\/2020\/12\/Oak-twig-768x512.jpg 768w, https:\/\/montenegrohiking.com\/wp-content\/uploads\/2020\/12\/Oak-twig.jpg 1170w\" sizes=\"(max-width: 900px) 100vw, 900px\" \/>\t\t\t\t\t\t\t\t\t\t\t<figcaption class=\"widget-image-caption wp-caption-text\">Eichenzweigdekoration<\/figcaption>\n\t\t\t\t\t\t\t\t\t\t<\/figure>\n\t\t\t\t\t\t\t\t\t<\/div>\n\t\t\t\t<\/div>\n\t\t\t\t\t<\/div>\n\t\t<\/div>\n\t\t\t\t\t<\/div>\n\t\t<\/section>\n\t\t\t\t<section data-particle_enable=\"false\" data-particle-mobile-disabled=\"false\" class=\"elementor-section elementor-top-section elementor-element elementor-element-3253dcb elementor-section-boxed elementor-section-height-default elementor-section-height-default row-top\" data-id=\"3253dcb\" data-element_type=\"section\" data-e-type=\"section\" data-settings=\"{&quot;jet_parallax_layout_list&quot;:[]}\">\n\t\t\t\t\t\t<div class=\"elementor-container elementor-column-gap-default\">\n\t\t\t\t\t<div class=\"elementor-column elementor-col-100 elementor-top-column elementor-element elementor-element-4923820\" data-id=\"4923820\" data-element_type=\"column\" data-e-type=\"column\">\n\t\t\t<div class=\"elementor-widget-wrap elementor-element-populated\">\n\t\t\t\t\t\t<div class=\"elementor-element elementor-element-a592d0d elementor-widget elementor-widget-text-editor\" data-id=\"a592d0d\" data-element_type=\"widget\" data-e-type=\"widget\" data-widget_type=\"text-editor.default\">\n\t\t\t\t<div class=\"elementor-widget-container\">\n\t\t\t\t\t\t\t\t\t<p>\n            <strong>Weihnachtstisch<\/strong>\n          <\/p>\n<p>Die Hauptattribute des Weihnachtstisches sind Fleischgerichte, darunter Prosciutto und ein am Spie\u00df gebratenes Schwein. Alle Familienmitglieder werden in Erwartung des Weihnachtsessens mit duftendem Brandy und getrockneten Fr\u00fcchten verw\u00f6hnt.<\/p>\n\t\t\t\t\t\t\t\t<\/div>\n\t\t\t\t<\/div>\n\t\t\t\t\t<\/div>\n\t\t<\/div>\n\t\t\t\t\t<\/div>\n\t\t<\/section>\n\t\t\t\t<section data-particle_enable=\"false\" data-particle-mobile-disabled=\"false\" class=\"elementor-section elementor-top-section elementor-element elementor-element-fa7b05e elementor-section-boxed elementor-section-height-default elementor-section-height-default row-top\" data-id=\"fa7b05e\" data-element_type=\"section\" data-e-type=\"section\" data-settings=\"{&quot;jet_parallax_layout_list&quot;:[]}\">\n\t\t\t\t\t\t<div class=\"elementor-container elementor-column-gap-default\">\n\t\t\t\t\t<div class=\"elementor-column elementor-col-100 elementor-top-column elementor-element elementor-element-bf50a0c\" data-id=\"bf50a0c\" data-element_type=\"column\" data-e-type=\"column\">\n\t\t\t<div class=\"elementor-widget-wrap elementor-element-populated\">\n\t\t\t\t\t\t<div class=\"elementor-element elementor-element-011a29e elementor-widget elementor-widget-image\" data-id=\"011a29e\" data-element_type=\"widget\" data-e-type=\"widget\" data-widget_type=\"image.default\">\n\t\t\t\t<div class=\"elementor-widget-container\">\n\t\t\t\t\t\t\t\t\t\t\t\t<figure class=\"wp-caption\">\n\t\t\t\t\t\t\t\t\t\t<img decoding=\"async\" width=\"900\" height=\"461\" src=\"https:\/\/montenegrohiking.com\/wp-content\/uploads\/2020\/12\/porosenok-1024x525.jpg\" class=\"attachment-large size-large wp-image-2171\" alt=\"\" srcset=\"https:\/\/montenegrohiking.com\/wp-content\/uploads\/2020\/12\/porosenok-1024x525.jpg 1024w, https:\/\/montenegrohiking.com\/wp-content\/uploads\/2020\/12\/porosenok-768x394.jpg 768w, https:\/\/montenegrohiking.com\/wp-content\/uploads\/2020\/12\/porosenok.jpg 1280w\" sizes=\"(max-width: 900px) 100vw, 900px\" \/>\t\t\t\t\t\t\t\t\t\t\t<figcaption class=\"widget-image-caption wp-caption-text\">Weihnachtsferkel<\/figcaption>\n\t\t\t\t\t\t\t\t\t\t<\/figure>\n\t\t\t\t\t\t\t\t\t<\/div>\n\t\t\t\t<\/div>\n\t\t\t\t\t<\/div>\n\t\t<\/div>\n\t\t\t\t\t<\/div>\n\t\t<\/section>\n\t\t\t\t<section data-particle_enable=\"false\" data-particle-mobile-disabled=\"false\" class=\"elementor-section elementor-top-section elementor-element elementor-element-f7ce111 elementor-section-boxed elementor-section-height-default elementor-section-height-default row-top\" data-id=\"f7ce111\" data-element_type=\"section\" data-e-type=\"section\" data-settings=\"{&quot;jet_parallax_layout_list&quot;:[]}\">\n\t\t\t\t\t\t<div class=\"elementor-container elementor-column-gap-default\">\n\t\t\t\t\t<div class=\"elementor-column elementor-col-100 elementor-top-column elementor-element elementor-element-6bcf377\" data-id=\"6bcf377\" data-element_type=\"column\" data-e-type=\"column\">\n\t\t\t<div class=\"elementor-widget-wrap elementor-element-populated\">\n\t\t\t\t\t\t<div class=\"elementor-element elementor-element-a417b8f elementor-widget elementor-widget-text-editor\" data-id=\"a417b8f\" data-element_type=\"widget\" data-e-type=\"widget\" data-widget_type=\"text-editor.default\">\n\t\t\t\t<div class=\"elementor-widget-container\">\n\t\t\t\t\t\t\t\t\t<p>Sauerkraut, ged\u00fcnstet mit ger\u00e4uchertem Schweinefleisch, Kaimak-Kuchen sowie Bohnen werden auf dem Tisch serviert.<br \/>Besonders beliebt ist die Tradition, Pogacha zu backen \u2013 einen Weihnachtskuchen, in den eine M\u00fcnze gelegt wird. Nach dem Aufschneiden erh\u00e4lt jeder ein St\u00fcck vom Kuchen. Es wird angenommen, dass derjenige, in dessen St\u00fcck die M\u00fcnze gefunden wird, ein ganzes Jahr lang gl\u00fccklich sein wird.<\/p>\n\t\t\t\t\t\t\t\t<\/div>\n\t\t\t\t<\/div>\n\t\t\t\t\t<\/div>\n\t\t<\/div>\n\t\t\t\t\t<\/div>\n\t\t<\/section>\n\t\t\t\t<section data-particle_enable=\"false\" data-particle-mobile-disabled=\"false\" class=\"elementor-section elementor-top-section elementor-element elementor-element-e551d55 elementor-section-boxed elementor-section-height-default elementor-section-height-default row-top\" data-id=\"e551d55\" data-element_type=\"section\" data-e-type=\"section\" data-settings=\"{&quot;jet_parallax_layout_list&quot;:[]}\">\n\t\t\t\t\t\t<div class=\"elementor-container elementor-column-gap-default\">\n\t\t\t\t\t<div class=\"elementor-column elementor-col-100 elementor-top-column elementor-element elementor-element-69e3370\" data-id=\"69e3370\" data-element_type=\"column\" data-e-type=\"column\">\n\t\t\t<div class=\"elementor-widget-wrap elementor-element-populated\">\n\t\t\t\t\t\t<div class=\"elementor-element elementor-element-ad90ca0 elementor-widget elementor-widget-image\" data-id=\"ad90ca0\" data-element_type=\"widget\" data-e-type=\"widget\" data-widget_type=\"image.default\">\n\t\t\t\t<div class=\"elementor-widget-container\">\n\t\t\t\t\t\t\t\t\t\t\t\t<figure class=\"wp-caption\">\n\t\t\t\t\t\t\t\t\t\t<img loading=\"lazy\" decoding=\"async\" width=\"900\" height=\"600\" src=\"https:\/\/montenegrohiking.com\/wp-content\/uploads\/2020\/12\/pirog-na-rozhdestvo.jpg\" class=\"attachment-large size-large wp-image-2172\" alt=\"\" srcset=\"https:\/\/montenegrohiking.com\/wp-content\/uploads\/2020\/12\/pirog-na-rozhdestvo.jpg 1024w, https:\/\/montenegrohiking.com\/wp-content\/uploads\/2020\/12\/pirog-na-rozhdestvo-768x512.jpg 768w\" sizes=\"(max-width: 900px) 100vw, 900px\" \/>\t\t\t\t\t\t\t\t\t\t\t<figcaption class=\"widget-image-caption wp-caption-text\">Weihnachtskuchen<\/figcaption>\n\t\t\t\t\t\t\t\t\t\t<\/figure>\n\t\t\t\t\t\t\t\t\t<\/div>\n\t\t\t\t<\/div>\n\t\t\t\t\t<\/div>\n\t\t<\/div>\n\t\t\t\t\t<\/div>\n\t\t<\/section>\n\t\t\t\t<section data-particle_enable=\"false\" data-particle-mobile-disabled=\"false\" class=\"elementor-section elementor-top-section elementor-element elementor-element-8f0a325 elementor-section-boxed elementor-section-height-default elementor-section-height-default row-top\" data-id=\"8f0a325\" data-element_type=\"section\" data-e-type=\"section\" data-settings=\"{&quot;jet_parallax_layout_list&quot;:[]}\">\n\t\t\t\t\t\t<div class=\"elementor-container elementor-column-gap-default\">\n\t\t\t\t\t<div class=\"elementor-column elementor-col-100 elementor-top-column elementor-element elementor-element-55f54ad\" data-id=\"55f54ad\" data-element_type=\"column\" data-e-type=\"column\">\n\t\t\t<div class=\"elementor-widget-wrap elementor-element-populated\">\n\t\t\t\t\t\t<div class=\"elementor-element elementor-element-b151009 elementor-widget elementor-widget-text-editor\" data-id=\"b151009\" data-element_type=\"widget\" data-e-type=\"widget\" data-widget_type=\"text-editor.default\">\n\t\t\t\t<div class=\"elementor-widget-container\">\n\t\t\t\t\t\t\t\t\t<p>Zweifellos ist Weihnachten in Montenegro ein unglaublich sch\u00f6nes und emotionales Ereignis mit einer gem\u00fctlichen und gleichzeitig feierlichen Atmosph\u00e4re.<\/p>\n<p><em>Text- und Fotoquellen (auf Russisch)<\/em>: <a href=\"https:\/\/blog.sitngo.me\/o-chernogorii\/rozhdestvo-v-chernogorii-ili-bozhich-kak-prazdnuetsya-i-kakie-osobennosti\/\" target=\"_blank\" rel=\"noopener\">Hier<\/a> und <a href=\"https:\/\/www.easytravel.guru\/montenegro\/prazdniki-v-chernogorii\" target=\"_blank\" rel=\"noopener\">hier<\/a>.<\/p>\n\t\t\t\t\t\t\t\t<\/div>\n\t\t\t\t<\/div>\n\t\t\t\t\t<\/div>\n\t\t<\/div>\n\t\t\t\t\t<\/div>\n\t\t<\/section>\n\t\t\t\t<\/div>\n\t\t","protected":false},"excerpt":{"rendered":"<p>Weihnachtsfeiertage in Montenegro Die Hauptfeiertage in Montenegro sind kurz nach Neujahr, also Weihnachten (Bo\u017ei\u0107) und der vorangehende Heiligabend \u2013 Badni Dan. Das orthodoxe Weihnachtsfest wird traditionell am 7. Januar gefeiert und wird von 3 freien Tagen (6., 7. und 8. Januar) begleitet. Die Eichentradition Dem Weihnachtsfest geht Badni Dan \u2013 Heiligabend voraus, der am 6. [&hellip;]<\/p>\n","protected":false},"author":2,"featured_media":2165,"comment_status":"open","ping_status":"open","sticky":false,"template":"","format":"standard","meta":{"_acf_changed":false,"_jetpack_memberships_contains_paid_content":false,"footnotes":""},"categories":[155,154,156],"tags":[],"class_list":["post-2218","post","type-post","status-publish","format-standard","has-post-thumbnail","hentry","category-culture-de","category-history-de","category-life-style-de"],"acf":[],"yoast_head":"<!-- This site is optimized with the Yoast SEO plugin v27.3 - https:\/\/yoast.com\/product\/yoast-seo-wordpress\/ -->\n<title>Weihnachtsferien in Montenegro - Montenegro Hiking<\/title>\n<meta name=\"description\" content=\"Entdecken Sie die Sch\u00f6nheit Montenegros w\u00e4hrend der Weihnachtszeit. Finden Sie die besten Wandergebiete heraus, erkunden Sie lokale Traditionen und lassen Sie sich von unseren Fotos inspirieren.\" \/>\n<meta name=\"robots\" content=\"index, follow, max-snippet:-1, max-image-preview:large, max-video-preview:-1\" \/>\n<link rel=\"canonical\" href=\"https:\/\/montenegrohiking.com\/de\/christmas-montenegro\/\" \/>\n<meta property=\"og:locale\" content=\"de_DE\" \/>\n<meta property=\"og:type\" content=\"article\" \/>\n<meta property=\"og:title\" content=\"Weihnachtsferien in Montenegro - Montenegro Hiking\" \/>\n<meta property=\"og:description\" content=\"Entdecken Sie die Sch\u00f6nheit Montenegros w\u00e4hrend der Weihnachtszeit. Finden Sie die besten Wandergebiete heraus, erkunden Sie lokale Traditionen und lassen Sie sich von unseren Fotos inspirieren.\" \/>\n<meta property=\"og:url\" content=\"https:\/\/montenegrohiking.com\/de\/christmas-montenegro\/\" \/>\n<meta property=\"og:site_name\" content=\"Montenegro Hiking\" \/>\n<meta property=\"article:publisher\" content=\"https:\/\/www.facebook.com\/montenegrohiking\" \/>\n<meta property=\"article:published_time\" content=\"2020-12-08T04:37:13+00:00\" \/>\n<meta property=\"article:modified_time\" content=\"2023-04-27T05:24:53+00:00\" \/>\n<meta property=\"og:image\" content=\"https:\/\/montenegrohiking.com\/wp-content\/uploads\/2020\/12\/Zabljak-in-winter.jpg\" \/>\n\t<meta property=\"og:image:width\" content=\"900\" \/>\n\t<meta property=\"og:image:height\" content=\"506\" \/>\n\t<meta property=\"og:image:type\" content=\"image\/jpeg\" \/>\n<meta name=\"author\" content=\"balkanadventurer\" \/>\n<meta name=\"twitter:card\" content=\"summary_large_image\" \/>\n<meta name=\"twitter:label1\" content=\"Verfasst von\" \/>\n\t<meta name=\"twitter:data1\" content=\"balkanadventurer\" \/>\n\t<meta name=\"twitter:label2\" content=\"Gesch\u00e4tzte Lesezeit\" \/>\n\t<meta name=\"twitter:data2\" content=\"3\u00a0Minuten\" \/>\n<script type=\"application\/ld+json\" class=\"yoast-schema-graph\">{\"@context\":\"https:\\\/\\\/schema.org\",\"@graph\":[{\"@type\":\"Article\",\"@id\":\"https:\\\/\\\/montenegrohiking.com\\\/de\\\/christmas-montenegro\\\/#article\",\"isPartOf\":{\"@id\":\"https:\\\/\\\/montenegrohiking.com\\\/de\\\/christmas-montenegro\\\/\"},\"author\":{\"name\":\"balkanadventurer\",\"@id\":\"https:\\\/\\\/montenegrohiking.com\\\/#\\\/schema\\\/person\\\/84785ffd0a03e923789b572316304503\"},\"headline\":\"Weihnachten in Montenegro\",\"datePublished\":\"2020-12-08T04:37:13+00:00\",\"dateModified\":\"2023-04-27T05:24:53+00:00\",\"mainEntityOfPage\":{\"@id\":\"https:\\\/\\\/montenegrohiking.com\\\/de\\\/christmas-montenegro\\\/\"},\"wordCount\":329,\"commentCount\":0,\"publisher\":{\"@id\":\"https:\\\/\\\/montenegrohiking.com\\\/#organization\"},\"image\":{\"@id\":\"https:\\\/\\\/montenegrohiking.com\\\/de\\\/christmas-montenegro\\\/#primaryimage\"},\"thumbnailUrl\":\"https:\\\/\\\/montenegrohiking.com\\\/wp-content\\\/uploads\\\/2020\\\/12\\\/Zabljak-in-winter.jpg\",\"articleSection\":[\"Culture\",\"History\",\"Life Style\"],\"inLanguage\":\"de\",\"potentialAction\":[{\"@type\":\"CommentAction\",\"name\":\"Comment\",\"target\":[\"https:\\\/\\\/montenegrohiking.com\\\/de\\\/christmas-montenegro\\\/#respond\"]}]},{\"@type\":\"WebPage\",\"@id\":\"https:\\\/\\\/montenegrohiking.com\\\/de\\\/christmas-montenegro\\\/\",\"url\":\"https:\\\/\\\/montenegrohiking.com\\\/de\\\/christmas-montenegro\\\/\",\"name\":\"Weihnachtsferien in Montenegro - Montenegro Hiking\",\"isPartOf\":{\"@id\":\"https:\\\/\\\/montenegrohiking.com\\\/#website\"},\"primaryImageOfPage\":{\"@id\":\"https:\\\/\\\/montenegrohiking.com\\\/de\\\/christmas-montenegro\\\/#primaryimage\"},\"image\":{\"@id\":\"https:\\\/\\\/montenegrohiking.com\\\/de\\\/christmas-montenegro\\\/#primaryimage\"},\"thumbnailUrl\":\"https:\\\/\\\/montenegrohiking.com\\\/wp-content\\\/uploads\\\/2020\\\/12\\\/Zabljak-in-winter.jpg\",\"datePublished\":\"2020-12-08T04:37:13+00:00\",\"dateModified\":\"2023-04-27T05:24:53+00:00\",\"description\":\"Entdecken Sie die Sch\u00f6nheit Montenegros w\u00e4hrend der Weihnachtszeit. Finden Sie die besten Wandergebiete heraus, erkunden Sie lokale Traditionen und lassen Sie sich von unseren Fotos inspirieren.\",\"breadcrumb\":{\"@id\":\"https:\\\/\\\/montenegrohiking.com\\\/de\\\/christmas-montenegro\\\/#breadcrumb\"},\"inLanguage\":\"de\",\"potentialAction\":[{\"@type\":\"ReadAction\",\"target\":[\"https:\\\/\\\/montenegrohiking.com\\\/de\\\/christmas-montenegro\\\/\"]}]},{\"@type\":\"ImageObject\",\"inLanguage\":\"de\",\"@id\":\"https:\\\/\\\/montenegrohiking.com\\\/de\\\/christmas-montenegro\\\/#primaryimage\",\"url\":\"https:\\\/\\\/montenegrohiking.com\\\/wp-content\\\/uploads\\\/2020\\\/12\\\/Zabljak-in-winter.jpg\",\"contentUrl\":\"https:\\\/\\\/montenegrohiking.com\\\/wp-content\\\/uploads\\\/2020\\\/12\\\/Zabljak-in-winter.jpg\",\"width\":900,\"height\":506},{\"@type\":\"BreadcrumbList\",\"@id\":\"https:\\\/\\\/montenegrohiking.com\\\/de\\\/christmas-montenegro\\\/#breadcrumb\",\"itemListElement\":[{\"@type\":\"ListItem\",\"position\":1,\"name\":\"Home\",\"item\":\"https:\\\/\\\/montenegrohiking.com\\\/de\\\/\"},{\"@type\":\"ListItem\",\"position\":2,\"name\":\"Weihnachten in Montenegro\"}]},{\"@type\":\"WebSite\",\"@id\":\"https:\\\/\\\/montenegrohiking.com\\\/#website\",\"url\":\"https:\\\/\\\/montenegrohiking.com\\\/\",\"name\":\"Montenegro Hiking\",\"description\":\"Balkan Hiking Adventurers\",\"publisher\":{\"@id\":\"https:\\\/\\\/montenegrohiking.com\\\/#organization\"},\"potentialAction\":[{\"@type\":\"SearchAction\",\"target\":{\"@type\":\"EntryPoint\",\"urlTemplate\":\"https:\\\/\\\/montenegrohiking.com\\\/?s={search_term_string}\"},\"query-input\":{\"@type\":\"PropertyValueSpecification\",\"valueRequired\":true,\"valueName\":\"search_term_string\"}}],\"inLanguage\":\"de\"},{\"@type\":\"Organization\",\"@id\":\"https:\\\/\\\/montenegrohiking.com\\\/#organization\",\"name\":\"Montenegro Hiking\",\"url\":\"https:\\\/\\\/montenegrohiking.com\\\/\",\"logo\":{\"@type\":\"ImageObject\",\"inLanguage\":\"de\",\"@id\":\"https:\\\/\\\/montenegrohiking.com\\\/#\\\/schema\\\/logo\\\/image\\\/\",\"url\":\"https:\\\/\\\/montenegrohiking.com\\\/wp-content\\\/uploads\\\/2021\\\/08\\\/cropped-cropped-logo-test-1.png\",\"contentUrl\":\"https:\\\/\\\/montenegrohiking.com\\\/wp-content\\\/uploads\\\/2021\\\/08\\\/cropped-cropped-logo-test-1.png\",\"width\":512,\"height\":512,\"caption\":\"Montenegro Hiking\"},\"image\":{\"@id\":\"https:\\\/\\\/montenegrohiking.com\\\/#\\\/schema\\\/logo\\\/image\\\/\"},\"sameAs\":[\"https:\\\/\\\/www.facebook.com\\\/montenegrohiking\",\"https:\\\/\\\/www.instagram.com\\\/montenegrohiking\\\/\"]},{\"@type\":\"Person\",\"@id\":\"https:\\\/\\\/montenegrohiking.com\\\/#\\\/schema\\\/person\\\/84785ffd0a03e923789b572316304503\",\"name\":\"balkanadventurer\",\"image\":{\"@type\":\"ImageObject\",\"inLanguage\":\"de\",\"@id\":\"https:\\\/\\\/secure.gravatar.com\\\/avatar\\\/f1a037017fcfd250c2bd8e2f0feddb6ddbffd22d4bc103fafd72de8ee376f17e?s=96&d=mm&r=g\",\"url\":\"https:\\\/\\\/secure.gravatar.com\\\/avatar\\\/f1a037017fcfd250c2bd8e2f0feddb6ddbffd22d4bc103fafd72de8ee376f17e?s=96&d=mm&r=g\",\"contentUrl\":\"https:\\\/\\\/secure.gravatar.com\\\/avatar\\\/f1a037017fcfd250c2bd8e2f0feddb6ddbffd22d4bc103fafd72de8ee376f17e?s=96&d=mm&r=g\",\"caption\":\"balkanadventurer\"},\"url\":\"https:\\\/\\\/montenegrohiking.com\\\/de\\\/author\\\/balkanadventurer\\\/\"}]}<\/script>\n<!-- \/ Yoast SEO plugin. -->","yoast_head_json":{"title":"Weihnachtsferien in Montenegro - Montenegro Hiking","description":"Entdecken Sie die Sch\u00f6nheit Montenegros w\u00e4hrend der Weihnachtszeit. Finden Sie die besten Wandergebiete heraus, erkunden Sie lokale Traditionen und lassen Sie sich von unseren Fotos inspirieren.","robots":{"index":"index","follow":"follow","max-snippet":"max-snippet:-1","max-image-preview":"max-image-preview:large","max-video-preview":"max-video-preview:-1"},"canonical":"https:\/\/montenegrohiking.com\/de\/christmas-montenegro\/","og_locale":"de_DE","og_type":"article","og_title":"Weihnachtsferien in Montenegro - Montenegro Hiking","og_description":"Entdecken Sie die Sch\u00f6nheit Montenegros w\u00e4hrend der Weihnachtszeit. Finden Sie die besten Wandergebiete heraus, erkunden Sie lokale Traditionen und lassen Sie sich von unseren Fotos inspirieren.","og_url":"https:\/\/montenegrohiking.com\/de\/christmas-montenegro\/","og_site_name":"Montenegro Hiking","article_publisher":"https:\/\/www.facebook.com\/montenegrohiking","article_published_time":"2020-12-08T04:37:13+00:00","article_modified_time":"2023-04-27T05:24:53+00:00","og_image":[{"width":900,"height":506,"url":"https:\/\/montenegrohiking.com\/wp-content\/uploads\/2020\/12\/Zabljak-in-winter.jpg","type":"image\/jpeg"}],"author":"balkanadventurer","twitter_card":"summary_large_image","twitter_misc":{"Verfasst von":"balkanadventurer","Gesch\u00e4tzte Lesezeit":"3\u00a0Minuten"},"schema":{"@context":"https:\/\/schema.org","@graph":[{"@type":"Article","@id":"https:\/\/montenegrohiking.com\/de\/christmas-montenegro\/#article","isPartOf":{"@id":"https:\/\/montenegrohiking.com\/de\/christmas-montenegro\/"},"author":{"name":"balkanadventurer","@id":"https:\/\/montenegrohiking.com\/#\/schema\/person\/84785ffd0a03e923789b572316304503"},"headline":"Weihnachten in Montenegro","datePublished":"2020-12-08T04:37:13+00:00","dateModified":"2023-04-27T05:24:53+00:00","mainEntityOfPage":{"@id":"https:\/\/montenegrohiking.com\/de\/christmas-montenegro\/"},"wordCount":329,"commentCount":0,"publisher":{"@id":"https:\/\/montenegrohiking.com\/#organization"},"image":{"@id":"https:\/\/montenegrohiking.com\/de\/christmas-montenegro\/#primaryimage"},"thumbnailUrl":"https:\/\/montenegrohiking.com\/wp-content\/uploads\/2020\/12\/Zabljak-in-winter.jpg","articleSection":["Culture","History","Life Style"],"inLanguage":"de","potentialAction":[{"@type":"CommentAction","name":"Comment","target":["https:\/\/montenegrohiking.com\/de\/christmas-montenegro\/#respond"]}]},{"@type":"WebPage","@id":"https:\/\/montenegrohiking.com\/de\/christmas-montenegro\/","url":"https:\/\/montenegrohiking.com\/de\/christmas-montenegro\/","name":"Weihnachtsferien in Montenegro - Montenegro Hiking","isPartOf":{"@id":"https:\/\/montenegrohiking.com\/#website"},"primaryImageOfPage":{"@id":"https:\/\/montenegrohiking.com\/de\/christmas-montenegro\/#primaryimage"},"image":{"@id":"https:\/\/montenegrohiking.com\/de\/christmas-montenegro\/#primaryimage"},"thumbnailUrl":"https:\/\/montenegrohiking.com\/wp-content\/uploads\/2020\/12\/Zabljak-in-winter.jpg","datePublished":"2020-12-08T04:37:13+00:00","dateModified":"2023-04-27T05:24:53+00:00","description":"Entdecken Sie die Sch\u00f6nheit Montenegros w\u00e4hrend der Weihnachtszeit. Finden Sie die besten Wandergebiete heraus, erkunden Sie lokale Traditionen und lassen Sie sich von unseren Fotos inspirieren.","breadcrumb":{"@id":"https:\/\/montenegrohiking.com\/de\/christmas-montenegro\/#breadcrumb"},"inLanguage":"de","potentialAction":[{"@type":"ReadAction","target":["https:\/\/montenegrohiking.com\/de\/christmas-montenegro\/"]}]},{"@type":"ImageObject","inLanguage":"de","@id":"https:\/\/montenegrohiking.com\/de\/christmas-montenegro\/#primaryimage","url":"https:\/\/montenegrohiking.com\/wp-content\/uploads\/2020\/12\/Zabljak-in-winter.jpg","contentUrl":"https:\/\/montenegrohiking.com\/wp-content\/uploads\/2020\/12\/Zabljak-in-winter.jpg","width":900,"height":506},{"@type":"BreadcrumbList","@id":"https:\/\/montenegrohiking.com\/de\/christmas-montenegro\/#breadcrumb","itemListElement":[{"@type":"ListItem","position":1,"name":"Home","item":"https:\/\/montenegrohiking.com\/de\/"},{"@type":"ListItem","position":2,"name":"Weihnachten in Montenegro"}]},{"@type":"WebSite","@id":"https:\/\/montenegrohiking.com\/#website","url":"https:\/\/montenegrohiking.com\/","name":"Montenegro Hiking","description":"Balkan Hiking Adventurers","publisher":{"@id":"https:\/\/montenegrohiking.com\/#organization"},"potentialAction":[{"@type":"SearchAction","target":{"@type":"EntryPoint","urlTemplate":"https:\/\/montenegrohiking.com\/?s={search_term_string}"},"query-input":{"@type":"PropertyValueSpecification","valueRequired":true,"valueName":"search_term_string"}}],"inLanguage":"de"},{"@type":"Organization","@id":"https:\/\/montenegrohiking.com\/#organization","name":"Montenegro Hiking","url":"https:\/\/montenegrohiking.com\/","logo":{"@type":"ImageObject","inLanguage":"de","@id":"https:\/\/montenegrohiking.com\/#\/schema\/logo\/image\/","url":"https:\/\/montenegrohiking.com\/wp-content\/uploads\/2021\/08\/cropped-cropped-logo-test-1.png","contentUrl":"https:\/\/montenegrohiking.com\/wp-content\/uploads\/2021\/08\/cropped-cropped-logo-test-1.png","width":512,"height":512,"caption":"Montenegro Hiking"},"image":{"@id":"https:\/\/montenegrohiking.com\/#\/schema\/logo\/image\/"},"sameAs":["https:\/\/www.facebook.com\/montenegrohiking","https:\/\/www.instagram.com\/montenegrohiking\/"]},{"@type":"Person","@id":"https:\/\/montenegrohiking.com\/#\/schema\/person\/84785ffd0a03e923789b572316304503","name":"balkanadventurer","image":{"@type":"ImageObject","inLanguage":"de","@id":"https:\/\/secure.gravatar.com\/avatar\/f1a037017fcfd250c2bd8e2f0feddb6ddbffd22d4bc103fafd72de8ee376f17e?s=96&d=mm&r=g","url":"https:\/\/secure.gravatar.com\/avatar\/f1a037017fcfd250c2bd8e2f0feddb6ddbffd22d4bc103fafd72de8ee376f17e?s=96&d=mm&r=g","contentUrl":"https:\/\/secure.gravatar.com\/avatar\/f1a037017fcfd250c2bd8e2f0feddb6ddbffd22d4bc103fafd72de8ee376f17e?s=96&d=mm&r=g","caption":"balkanadventurer"},"url":"https:\/\/montenegrohiking.com\/de\/author\/balkanadventurer\/"}]}},"jetpack_featured_media_url":"https:\/\/montenegrohiking.com\/wp-content\/uploads\/2020\/12\/Zabljak-in-winter.jpg","jetpack_sharing_enabled":true,"_links":{"self":[{"href":"https:\/\/montenegrohiking.com\/de\/wp-json\/wp\/v2\/posts\/2218","targetHints":{"allow":["GET"]}}],"collection":[{"href":"https:\/\/montenegrohiking.com\/de\/wp-json\/wp\/v2\/posts"}],"about":[{"href":"https:\/\/montenegrohiking.com\/de\/wp-json\/wp\/v2\/types\/post"}],"author":[{"embeddable":true,"href":"https:\/\/montenegrohiking.com\/de\/wp-json\/wp\/v2\/users\/2"}],"replies":[{"embeddable":true,"href":"https:\/\/montenegrohiking.com\/de\/wp-json\/wp\/v2\/comments?post=2218"}],"version-history":[{"count":4,"href":"https:\/\/montenegrohiking.com\/de\/wp-json\/wp\/v2\/posts\/2218\/revisions"}],"predecessor-version":[{"id":3229,"href":"https:\/\/montenegrohiking.com\/de\/wp-json\/wp\/v2\/posts\/2218\/revisions\/3229"}],"wp:featuredmedia":[{"embeddable":true,"href":"https:\/\/montenegrohiking.com\/de\/wp-json\/wp\/v2\/media\/2165"}],"wp:attachment":[{"href":"https:\/\/montenegrohiking.com\/de\/wp-json\/wp\/v2\/media?parent=2218"}],"wp:term":[{"taxonomy":"category","embeddable":true,"href":"https:\/\/montenegrohiking.com\/de\/wp-json\/wp\/v2\/categories?post=2218"},{"taxonomy":"post_tag","embeddable":true,"href":"https:\/\/montenegrohiking.com\/de\/wp-json\/wp\/v2\/tags?post=2218"}],"curies":[{"name":"wp","href":"https:\/\/api.w.org\/{rel}","templated":true}]}}